{"id":7155,"date":"2026-09-04T08:08:51","date_gmt":"2026-09-04T08:08:51","guid":{"rendered":"https:\/\/iesfernandoaguilar.es\/?p=7155"},"modified":"2026-09-04T08:20:33","modified_gmt":"2026-09-04T08:20:33","slug":"plazas-vacantes-ciclos-formativos","status":"publish","type":"post","link":"https:\/\/iesfernandoaguilar.es\/index.php\/2026\/09\/04\/plazas-vacantes-ciclos-formativos\/","title":{"rendered":"Plazas Vacantes Ciclos Formativos"},"content":{"rendered":"<p>[et_pb_section fb_built=\u00bb1&#8243; theme_builder_area=\u00bbpost_content\u00bb _builder_version=\u00bb4.27.7&#8243; _module_preset=\u00bbdefault\u00bb][et_pb_row _builder_version=\u00bb4.27.7&#8243; _module_preset=\u00bbdefault\u00bb theme_builder_area=\u00bbpost_content\u00bb][et_pb_column _builder_version=\u00bb4.27.7&#8243; _module_preset=\u00bbdefault\u00bb type=\u00bb4_4&#8243; theme_builder_area=\u00bbpost_content\u00bb][et_pb_text _builder_version=\u00bb4.27.7&#8243; _module_preset=\u00bbdefault\u00bb theme_builder_area=\u00bbpost_content\u00bb hover_enabled=\u00bb0&#8243; sticky_enabled=\u00bb0&#8243;]<\/p>\n<p>Se abre el plazo de presentaci\u00f3n de nuevas solicitudes para aquellos ciclos en los que hay plazas vacantes y no hay nadie en lista de espera.<\/p>\n<p>Puedes consultar esas plazas vacantes en:<\/p>\n<p><a href=\"https:\/\/secretariavirtual.juntadeandalucia.es\/secretariavirtual\/accesoConsultas\/2632\/\"><span style=\"color: #993300;\">Oferta de plazas vacantes en centros docentes sostenidos con fondos p\u00fablicos para la admisi\u00f3n en ciclos formativos de grado medio y superior en oferta completa para el curso escolar 2026\/2027<\/span> <\/a><\/p>\n<p>Las solicitudes de admisi\u00f3n se realiza desde laSecretar\u00eda Virtual :<\/p>\n<table class=\"tabla-sv\" width=\"1015\" height=\"82\">\n<tbody>\n<tr class=\"trdashed\">\n<td class=\"fechaInicio tddashed tamanno fechasDoblesTabla\" style=\"width: 0.733333px;\"><\/td>\n<td class=\"tdsolic \" style=\"width: 990.6px;\">\n<div class=\"descripcionAcceso\"><span style=\"color: #993300;\"><a href=\"https:\/\/secretariavirtual.juntadeandalucia.es\/secretariavirtual\/accesoTramite\/841\/\" style=\"color: #993300;\">Admisi\u00f3n en plazas vacantes en ciclos formativos de GRADO MEDIO de Formaci\u00f3n Profesional en oferta completa. <\/a><\/span><\/div>\n<\/td>\n<td class=\"tdsolic hidden-xs hidden-sm\" style=\"width: 0.733333px;\">\n<div class=\"descripcionAcceso\"><a href=\"https:\/\/secretariavirtual.juntadeandalucia.es\/secretariavirtual\/accesoTramite\/841\/\" aria-label=\"Ir al tr\u00e1mite Admisi\u00f3n en plazas vacantes en ciclos formativos de grado medio de Formaci\u00f3n Profesional en oferta completa.\"> <i class=\"fa fa-sign-in fa-2x grow\"><\/i> <\/a><\/div>\n<\/td>\n<\/tr>\n<tr class=\"trdashed\">\n<td class=\"fechaInicio tddashed tamanno fechasDoblesTabla\" style=\"width: 0.733333px;\"><\/td>\n<td class=\"tdsolic \" style=\"width: 990.6px;\">\n<div class=\"descripcionAcceso\"><span style=\"color: #993300;\"><a href=\"https:\/\/secretariavirtual.juntadeandalucia.es\/secretariavirtual\/accesoTramite\/842\/\" style=\"color: #993300;\"> Admisi\u00f3n en plazas vacantes en ciclos formativos de GRADO SUPERIOR de Formaci\u00f3n Profesional en oferta completa. <\/a><\/span><\/div>\n<\/td>\n<\/tr>\n<\/tbody>\n<\/table>\n<p>El plazo finaliza el pr\u00f3ximo 7 de Septiembre. El listado de admitidos se publica el d\u00eda 8 de Septiembre y deben realizar la matr\u00edcula del 9 al 11 de Septiembre<\/p>\n<p>[\/et_pb_text][\/et_pb_column][\/et_pb_row][\/et_pb_section]<\/p>\n","protected":false},"excerpt":{"rendered":"<p>Se abre el plazo de presentaci\u00f3n de nuevas solicitudes para aquellos ciclos en los que hay plazas vacantes y no hay nadie en lista de espera. Puedes consultar esas plazas vacantes en: Oferta de plazas vacantes en centros docentes sostenidos con fondos p\u00fablicos para la admisi\u00f3n en ciclos formativos de grado medio y superior en [&hellip;]<\/p>\n","protected":false},"author":12,"featured_media":7157,"comment_status":"closed","ping_status":"closed","sticky":false,"template":"","format":"standard","meta":{"_et_pb_use_builder":"on","_et_pb_old_content":"","_et_gb_content_width":"","footnotes":""},"categories":[1,54],"tags":[],"class_list":["post-7155","post","type-post","status-publish","format-standard","has-post-thumbnail","hentry","category-noticias","category-noticias-scroll"],"yoast_head":"<!-- This site is optimized with the Yoast SEO plugin v28.3 - https:\/\/yoast.com\/product\/yoast-seo-wordpress\/ -->\n<title>Plazas Vacantes Ciclos Formativos - IES Fernando Aguilar Quignon<\/title>\n<meta name=\"robots\" content=\"index, follow, max-snippet:-1, max-image-preview:large, max-video-preview:-1\" \/>\n<link rel=\"canonical\" href=\"https:\/\/iesfernandoaguilar.es\/index.php\/2026\/09\/04\/plazas-vacantes-ciclos-formativos\/\" \/>\n<meta property=\"og:locale\" content=\"es_ES\" \/>\n<meta property=\"og:type\" content=\"article\" \/>\n<meta property=\"og:title\" content=\"Plazas Vacantes Ciclos Formativos - IES Fernando Aguilar Quignon\" \/>\n<meta property=\"og:description\" content=\"Se abre el plazo de presentaci\u00f3n de nuevas solicitudes para aquellos ciclos en los que hay plazas vacantes y no hay nadie en lista de espera. Puedes consultar esas plazas vacantes en: Oferta de plazas vacantes en centros docentes sostenidos con fondos p\u00fablicos para la admisi\u00f3n en ciclos formativos de grado medio y superior en [&hellip;]\" \/>\n<meta property=\"og:url\" content=\"https:\/\/iesfernandoaguilar.es\/index.php\/2026\/09\/04\/plazas-vacantes-ciclos-formativos\/\" \/>\n<meta property=\"og:site_name\" content=\"IES Fernando Aguilar Quignon\" \/>\n<meta property=\"article:published_time\" content=\"2026-09-04T08:08:51+00:00\" \/>\n<meta property=\"article:modified_time\" content=\"2026-09-04T08:20:33+00:00\" \/>\n<meta property=\"og:image\" content=\"https:\/\/iesfernandoaguilar.es\/wp-content\/uploads\/2026\/09\/i_20251028_184418000.jpg\" \/>\n\t<meta property=\"og:image:width\" content=\"1280\" \/>\n\t<meta property=\"og:image:height\" content=\"720\" \/>\n\t<meta property=\"og:image:type\" content=\"image\/jpeg\" \/>\n<meta name=\"author\" content=\"Webmaster\" \/>\n<meta name=\"twitter:card\" content=\"summary_large_image\" \/>\n<meta name=\"twitter:label1\" content=\"Escrito por\" \/>\n\t<meta name=\"twitter:data1\" content=\"Webmaster\" \/>\n\t<meta name=\"twitter:label2\" content=\"Tiempo de lectura\" \/>\n\t<meta name=\"twitter:data2\" content=\"1 minuto\" \/>\n<script type=\"application\/ld+json\" class=\"yoast-schema-graph\">{\"@context\":\"https:\\\/\\\/schema.org\",\"@graph\":[{\"@type\":\"Article\",\"@id\":\"https:\\\/\\\/iesfernandoaguilar.es\\\/index.php\\\/2026\\\/09\\\/04\\\/plazas-vacantes-ciclos-formativos\\\/#article\",\"isPartOf\":{\"@id\":\"https:\\\/\\\/iesfernandoaguilar.es\\\/index.php\\\/2026\\\/09\\\/04\\\/plazas-vacantes-ciclos-formativos\\\/\"},\"author\":{\"name\":\"Webmaster\",\"@id\":\"https:\\\/\\\/iesfernandoaguilar.es\\\/#\\\/schema\\\/person\\\/18d8c1ab6ea9393f3deb1d815dc7281b\"},\"headline\":\"Plazas Vacantes Ciclos Formativos\",\"datePublished\":\"2026-09-04T08:08:51+00:00\",\"dateModified\":\"2026-09-04T08:20:33+00:00\",\"mainEntityOfPage\":{\"@id\":\"https:\\\/\\\/iesfernandoaguilar.es\\\/index.php\\\/2026\\\/09\\\/04\\\/plazas-vacantes-ciclos-formativos\\\/\"},\"wordCount\":215,\"image\":{\"@id\":\"https:\\\/\\\/iesfernandoaguilar.es\\\/index.php\\\/2026\\\/09\\\/04\\\/plazas-vacantes-ciclos-formativos\\\/#primaryimage\"},\"thumbnailUrl\":\"https:\\\/\\\/iesfernandoaguilar.es\\\/wp-content\\\/uploads\\\/2026\\\/09\\\/i_20251028_184418000.jpg\",\"articleSection\":[\"Noticias\",\"Noticias scroll\"],\"inLanguage\":\"es\"},{\"@type\":\"WebPage\",\"@id\":\"https:\\\/\\\/iesfernandoaguilar.es\\\/index.php\\\/2026\\\/09\\\/04\\\/plazas-vacantes-ciclos-formativos\\\/\",\"url\":\"https:\\\/\\\/iesfernandoaguilar.es\\\/index.php\\\/2026\\\/09\\\/04\\\/plazas-vacantes-ciclos-formativos\\\/\",\"name\":\"Plazas Vacantes Ciclos Formativos - IES Fernando Aguilar Quignon\",\"isPartOf\":{\"@id\":\"https:\\\/\\\/iesfernandoaguilar.es\\\/#website\"},\"primaryImageOfPage\":{\"@id\":\"https:\\\/\\\/iesfernandoaguilar.es\\\/index.php\\\/2026\\\/09\\\/04\\\/plazas-vacantes-ciclos-formativos\\\/#primaryimage\"},\"image\":{\"@id\":\"https:\\\/\\\/iesfernandoaguilar.es\\\/index.php\\\/2026\\\/09\\\/04\\\/plazas-vacantes-ciclos-formativos\\\/#primaryimage\"},\"thumbnailUrl\":\"https:\\\/\\\/iesfernandoaguilar.es\\\/wp-content\\\/uploads\\\/2026\\\/09\\\/i_20251028_184418000.jpg\",\"datePublished\":\"2026-09-04T08:08:51+00:00\",\"dateModified\":\"2026-09-04T08:20:33+00:00\",\"author\":{\"@id\":\"https:\\\/\\\/iesfernandoaguilar.es\\\/#\\\/schema\\\/person\\\/18d8c1ab6ea9393f3deb1d815dc7281b\"},\"breadcrumb\":{\"@id\":\"https:\\\/\\\/iesfernandoaguilar.es\\\/index.php\\\/2026\\\/09\\\/04\\\/plazas-vacantes-ciclos-formativos\\\/#breadcrumb\"},\"inLanguage\":\"es\",\"potentialAction\":[{\"@type\":\"ReadAction\",\"target\":[\"https:\\\/\\\/iesfernandoaguilar.es\\\/index.php\\\/2026\\\/09\\\/04\\\/plazas-vacantes-ciclos-formativos\\\/\"]}]},{\"@type\":\"ImageObject\",\"inLanguage\":\"es\",\"@id\":\"https:\\\/\\\/iesfernandoaguilar.es\\\/index.php\\\/2026\\\/09\\\/04\\\/plazas-vacantes-ciclos-formativos\\\/#primaryimage\",\"url\":\"https:\\\/\\\/iesfernandoaguilar.es\\\/wp-content\\\/uploads\\\/2026\\\/09\\\/i_20251028_184418000.jpg\",\"contentUrl\":\"https:\\\/\\\/iesfernandoaguilar.es\\\/wp-content\\\/uploads\\\/2026\\\/09\\\/i_20251028_184418000.jpg\",\"width\":1280,\"height\":720},{\"@type\":\"BreadcrumbList\",\"@id\":\"https:\\\/\\\/iesfernandoaguilar.es\\\/index.php\\\/2026\\\/09\\\/04\\\/plazas-vacantes-ciclos-formativos\\\/#breadcrumb\",\"itemListElement\":[{\"@type\":\"ListItem\",\"position\":1,\"name\":\"Portada\",\"item\":\"https:\\\/\\\/iesfernandoaguilar.es\\\/\"},{\"@type\":\"ListItem\",\"position\":2,\"name\":\"Plazas Vacantes Ciclos Formativos\"}]},{\"@type\":\"WebSite\",\"@id\":\"https:\\\/\\\/iesfernandoaguilar.es\\\/#website\",\"url\":\"https:\\\/\\\/iesfernandoaguilar.es\\\/\",\"name\":\"IES Fernando Aguilar Quignon\",\"description\":\"\",\"potentialAction\":[{\"@type\":\"SearchAction\",\"target\":{\"@type\":\"EntryPoint\",\"urlTemplate\":\"https:\\\/\\\/iesfernandoaguilar.es\\\/?s={search_term_string}\"},\"query-input\":{\"@type\":\"PropertyValueSpecification\",\"valueRequired\":true,\"valueName\":\"search_term_string\"}}],\"inLanguage\":\"es\"},{\"@type\":\"Person\",\"@id\":\"https:\\\/\\\/iesfernandoaguilar.es\\\/#\\\/schema\\\/person\\\/18d8c1ab6ea9393f3deb1d815dc7281b\",\"name\":\"Webmaster\",\"image\":{\"@type\":\"ImageObject\",\"inLanguage\":\"es\",\"@id\":\"https:\\\/\\\/secure.gravatar.com\\\/avatar\\\/e4f600c90698e7d1dec43e5dc3330b8d2b4e1a852a59558b5a49d71d0a86a41f?s=96&d=mm&r=g\",\"url\":\"https:\\\/\\\/secure.gravatar.com\\\/avatar\\\/e4f600c90698e7d1dec43e5dc3330b8d2b4e1a852a59558b5a49d71d0a86a41f?s=96&d=mm&r=g\",\"contentUrl\":\"https:\\\/\\\/secure.gravatar.com\\\/avatar\\\/e4f600c90698e7d1dec43e5dc3330b8d2b4e1a852a59558b5a49d71d0a86a41f?s=96&d=mm&r=g\",\"caption\":\"Webmaster\"},\"url\":\"https:\\\/\\\/iesfernandoaguilar.es\\\/index.php\\\/author\\\/motero_admin\\\/\"}]}<\/script>\n<!-- \/ Yoast SEO plugin. -->","yoast_head_json":{"title":"Plazas Vacantes Ciclos Formativos - IES Fernando Aguilar Quignon","robots":{"index":"index","follow":"follow","max-snippet":"max-snippet:-1","max-image-preview":"max-image-preview:large","max-video-preview":"max-video-preview:-1"},"canonical":"https:\/\/iesfernandoaguilar.es\/index.php\/2026\/09\/04\/plazas-vacantes-ciclos-formativos\/","og_locale":"es_ES","og_type":"article","og_title":"Plazas Vacantes Ciclos Formativos - IES Fernando Aguilar Quignon","og_description":"Se abre el plazo de presentaci\u00f3n de nuevas solicitudes para aquellos ciclos en los que hay plazas vacantes y no hay nadie en lista de espera. Puedes consultar esas plazas vacantes en: Oferta de plazas vacantes en centros docentes sostenidos con fondos p\u00fablicos para la admisi\u00f3n en ciclos formativos de grado medio y superior en [&hellip;]","og_url":"https:\/\/iesfernandoaguilar.es\/index.php\/2026\/09\/04\/plazas-vacantes-ciclos-formativos\/","og_site_name":"IES Fernando Aguilar Quignon","article_published_time":"2026-09-04T08:08:51+00:00","article_modified_time":"2026-09-04T08:20:33+00:00","og_image":[{"width":1280,"height":720,"url":"https:\/\/iesfernandoaguilar.es\/wp-content\/uploads\/2026\/09\/i_20251028_184418000.jpg","type":"image\/jpeg"}],"author":"Webmaster","twitter_card":"summary_large_image","twitter_misc":{"Escrito por":"Webmaster","Tiempo de lectura":"1 minuto"},"schema":{"@context":"https:\/\/schema.org","@graph":[{"@type":"Article","@id":"https:\/\/iesfernandoaguilar.es\/index.php\/2026\/09\/04\/plazas-vacantes-ciclos-formativos\/#article","isPartOf":{"@id":"https:\/\/iesfernandoaguilar.es\/index.php\/2026\/09\/04\/plazas-vacantes-ciclos-formativos\/"},"author":{"name":"Webmaster","@id":"https:\/\/iesfernandoaguilar.es\/#\/schema\/person\/18d8c1ab6ea9393f3deb1d815dc7281b"},"headline":"Plazas Vacantes Ciclos Formativos","datePublished":"2026-09-04T08:08:51+00:00","dateModified":"2026-09-04T08:20:33+00:00","mainEntityOfPage":{"@id":"https:\/\/iesfernandoaguilar.es\/index.php\/2026\/09\/04\/plazas-vacantes-ciclos-formativos\/"},"wordCount":215,"image":{"@id":"https:\/\/iesfernandoaguilar.es\/index.php\/2026\/09\/04\/plazas-vacantes-ciclos-formativos\/#primaryimage"},"thumbnailUrl":"https:\/\/iesfernandoaguilar.es\/wp-content\/uploads\/2026\/09\/i_20251028_184418000.jpg","articleSection":["Noticias","Noticias scroll"],"inLanguage":"es"},{"@type":"WebPage","@id":"https:\/\/iesfernandoaguilar.es\/index.php\/2026\/09\/04\/plazas-vacantes-ciclos-formativos\/","url":"https:\/\/iesfernandoaguilar.es\/index.php\/2026\/09\/04\/plazas-vacantes-ciclos-formativos\/","name":"Plazas Vacantes Ciclos Formativos - IES Fernando Aguilar Quignon","isPartOf":{"@id":"https:\/\/iesfernandoaguilar.es\/#website"},"primaryImageOfPage":{"@id":"https:\/\/iesfernandoaguilar.es\/index.php\/2026\/09\/04\/plazas-vacantes-ciclos-formativos\/#primaryimage"},"image":{"@id":"https:\/\/iesfernandoaguilar.es\/index.php\/2026\/09\/04\/plazas-vacantes-ciclos-formativos\/#primaryimage"},"thumbnailUrl":"https:\/\/iesfernandoaguilar.es\/wp-content\/uploads\/2026\/09\/i_20251028_184418000.jpg","datePublished":"2026-09-04T08:08:51+00:00","dateModified":"2026-09-04T08:20:33+00:00","author":{"@id":"https:\/\/iesfernandoaguilar.es\/#\/schema\/person\/18d8c1ab6ea9393f3deb1d815dc7281b"},"breadcrumb":{"@id":"https:\/\/iesfernandoaguilar.es\/index.php\/2026\/09\/04\/plazas-vacantes-ciclos-formativos\/#breadcrumb"},"inLanguage":"es","potentialAction":[{"@type":"ReadAction","target":["https:\/\/iesfernandoaguilar.es\/index.php\/2026\/09\/04\/plazas-vacantes-ciclos-formativos\/"]}]},{"@type":"ImageObject","inLanguage":"es","@id":"https:\/\/iesfernandoaguilar.es\/index.php\/2026\/09\/04\/plazas-vacantes-ciclos-formativos\/#primaryimage","url":"https:\/\/iesfernandoaguilar.es\/wp-content\/uploads\/2026\/09\/i_20251028_184418000.jpg","contentUrl":"https:\/\/iesfernandoaguilar.es\/wp-content\/uploads\/2026\/09\/i_20251028_184418000.jpg","width":1280,"height":720},{"@type":"BreadcrumbList","@id":"https:\/\/iesfernandoaguilar.es\/index.php\/2026\/09\/04\/plazas-vacantes-ciclos-formativos\/#breadcrumb","itemListElement":[{"@type":"ListItem","position":1,"name":"Portada","item":"https:\/\/iesfernandoaguilar.es\/"},{"@type":"ListItem","position":2,"name":"Plazas Vacantes Ciclos Formativos"}]},{"@type":"WebSite","@id":"https:\/\/iesfernandoaguilar.es\/#website","url":"https:\/\/iesfernandoaguilar.es\/","name":"IES Fernando Aguilar Quignon","description":"","potentialAction":[{"@type":"SearchAction","target":{"@type":"EntryPoint","urlTemplate":"https:\/\/iesfernandoaguilar.es\/?s={search_term_string}"},"query-input":{"@type":"PropertyValueSpecification","valueRequired":true,"valueName":"search_term_string"}}],"inLanguage":"es"},{"@type":"Person","@id":"https:\/\/iesfernandoaguilar.es\/#\/schema\/person\/18d8c1ab6ea9393f3deb1d815dc7281b","name":"Webmaster","image":{"@type":"ImageObject","inLanguage":"es","@id":"https:\/\/secure.gravatar.com\/avatar\/e4f600c90698e7d1dec43e5dc3330b8d2b4e1a852a59558b5a49d71d0a86a41f?s=96&d=mm&r=g","url":"https:\/\/secure.gravatar.com\/avatar\/e4f600c90698e7d1dec43e5dc3330b8d2b4e1a852a59558b5a49d71d0a86a41f?s=96&d=mm&r=g","contentUrl":"https:\/\/secure.gravatar.com\/avatar\/e4f600c90698e7d1dec43e5dc3330b8d2b4e1a852a59558b5a49d71d0a86a41f?s=96&d=mm&r=g","caption":"Webmaster"},"url":"https:\/\/iesfernandoaguilar.es\/index.php\/author\/motero_admin\/"}]}},"_links":{"self":[{"href":"https:\/\/iesfernandoaguilar.es\/index.php\/wp-json\/wp\/v2\/posts\/7155","targetHints":{"allow":["GET"]}}],"collection":[{"href":"https:\/\/iesfernandoaguilar.es\/index.php\/wp-json\/wp\/v2\/posts"}],"about":[{"href":"https:\/\/iesfernandoaguilar.es\/index.php\/wp-json\/wp\/v2\/types\/post"}],"author":[{"embeddable":true,"href":"https:\/\/iesfernandoaguilar.es\/index.php\/wp-json\/wp\/v2\/users\/12"}],"replies":[{"embeddable":true,"href":"https:\/\/iesfernandoaguilar.es\/index.php\/wp-json\/wp\/v2\/comments?post=7155"}],"version-history":[{"count":3,"href":"https:\/\/iesfernandoaguilar.es\/index.php\/wp-json\/wp\/v2\/posts\/7155\/revisions"}],"predecessor-version":[{"id":7160,"href":"https:\/\/iesfernandoaguilar.es\/index.php\/wp-json\/wp\/v2\/posts\/7155\/revisions\/7160"}],"wp:featuredmedia":[{"embeddable":true,"href":"https:\/\/iesfernandoaguilar.es\/index.php\/wp-json\/wp\/v2\/media\/7157"}],"wp:attachment":[{"href":"https:\/\/iesfernandoaguilar.es\/index.php\/wp-json\/wp\/v2\/media?parent=7155"}],"wp:term":[{"taxonomy":"category","embeddable":true,"href":"https:\/\/iesfernandoaguilar.es\/index.php\/wp-json\/wp\/v2\/categories?post=7155"},{"taxonomy":"post_tag","embeddable":true,"href":"https:\/\/iesfernandoaguilar.es\/index.php\/wp-json\/wp\/v2\/tags?post=7155"}],"curies":[{"name":"wp","href":"https:\/\/api.w.org\/{rel}","templated":true}]}}